{"id":3996,"date":"2025-07-15T16:07:03","date_gmt":"2025-07-15T14:07:03","guid":{"rendered":"https:\/\/www.salernomobilita.it\/?p=3996"},"modified":"2025-07-15T16:07:03","modified_gmt":"2025-07-15T14:07:03","slug":"salernosounds-2025-infomobilita-per-concerti-dal-15-al-26-luglio-2025","status":"publish","type":"post","link":"https:\/\/www.salernomobilita.it\/index.php\/2025\/07\/15\/salernosounds-2025-infomobilita-per-concerti-dal-15-al-26-luglio-2025\/","title":{"rendered":"\u201cSALERNOSOUNDS 2025\u201d \u2013 Infomobilit\u00e0 per concerti dal 15 al 26 luglio 2025"},"content":{"rendered":"<p><strong>SalernoSounds 2025<\/strong><br \/>\n<em>Piazza della Libert\u00e0 \u2013 Salerno<\/em><\/p>\n<p><strong>Come raggiungere Piazza della Libert\u00e0 in occasione dei concerti<\/strong><br \/>\n15 luglio 2025 \u2013 Irama<br \/>\n17 luglio 2025 \u2013 Brunori Sas<br \/>\n24 luglio 2025 \u2013 Lazza<br \/>\n26 luglio 2025 \u2013 Massimo Ranieri<\/p>\n<p>&nbsp;<\/p>\n<p><strong>Per chi \u00e8 gi\u00e0 in citt\u00e0:<\/strong><br \/>\nSar\u00e0 possibile raggiungere Piazza della Libert\u00e0 con i servizi metropolitan i gestiti da Trenitalia, attualmente svolti a mezzo bus sostitutivi a causa di lavori di potenziamento infrastrutturale in<br \/>\ncorso sulla linea ferrata.<\/p>\n<p>I servizi sostitutivi circolano tutti i giorni con le seguenti modalit\u00e0:<br \/>\n\u2022 Prima corsa in partenza da Salerno direzione Arechi: ore 06:15<br \/>\n\u2022 Ultima corsa in partenza da Salerno direzione Arechi: ore 23:45<br \/>\n\u2022 Prima corsa in partenza da Arechi direzione Salerno: ore 06:15<br \/>\n\u2022 Ultima corsa in partenza da Arechi direzione Salerno: ore 00:05<\/p>\n<p>I bus effettuano servizio viaggiatori nei seguenti punti di fermata:<br \/>\n\u2022 Direzione Salerno: a SALERNO STADIO ARECHI-S.LEONARDO: fermata Busitalia<br \/>\nMetro Arechi \u2013 Osp. S.Leonardo (cod.SA096SU); a SALERNO ARBOSTELLA:<br \/>\nfermata Busitalia P.co Arbostella Bv Mariconda (cod.SA062ME); a SALERNO<br \/>\nMERCATELLO-MARICONDA: fermata Busitalia Mercatello Mons. Grasso<br \/>\n(cod.SA066ME); a SALERNO PASTENA: fermata Busitalia Della Libert\u00e0<br \/>\n(cod.SA074PA); a SALERNO TORRIONE: fermata Busitalia Posidonia Santelmo<br \/>\n(cod.SA084TO); SALERNO: fermata Busitalia Stazione Salerno (cod.SA001FE).<\/p>\n<p>\u2022 Direzione Arechi: SALERNO: fermata Busitalia Stazione Salerno (cod.SA001FE); a<br \/>\nSALERNO TORRIONE: fermata Busitalia Lungomare Marconi 2 (cod.SA043PA); a<br \/>\nSALERNO PASTENA: fermata Busitalia Lungomare Colombo Pastena 2<br \/>\n(cod.SA053PA); a SALERNO MERCATELLO-MARICONDA: fermata Busitalia<br \/>\nMercatello Mons. Grasso (cod.SA057ME); a SALERNO ARBOSTELLA: fermata<br \/>\nBusitalia P.co Arbostella Bv Mariconda (cod.SA061ME); a SALERNO STADIO<br \/>\nARECHI-S.LEONARDO: fermata Busitalia Ospedale S.Leonardo (cod.SA069ZI).<\/p>\n<p>I canali di vendita sono aggiornati rispetto ai suddetti orari. I tempi di percorrenza potrebbero aumentare in relazione al traffico stradale. I viaggiatori sono ammessi limitatamente alla<br \/>\ndisponibilit\u00e0 dei posti.<\/p>\n<p><strong>Tabelle orari:<\/strong><br \/>\n<a href=\"https:\/\/www.rfi.it\/content\/dam\/rfi\/news-e-media\/infomobilit%C3%A0\/poq-napoli\/bus%20AEM%20Arechi_sal.pdf\">https:\/\/www.rfi.it\/content\/dam\/rfi\/news-e-media\/infomobilit%C3%A0\/poq-napoli\/bus%20AEM%20Arechi_sal.pdf<\/a><\/p>\n<p>&nbsp;<\/p>\n<p><strong>Per chi raggiunge Salerno in treno:<\/strong><br \/>\nPiazza della Libert\u00e0 \u00e8 raggiungibile a piedi dalla stazione centrale \u201cSalerno\u201d in 24 min \u2013 1,7 km.<\/p>\n<p>&nbsp;<\/p>\n<p><strong>Per chi raggiunge Salerno in auto:<\/strong><br \/>\nE\u2019 possibile utilizzare le aree di parcheggio presenti in citt\u00e0, indicate al seguente link:<br \/>\nhttps:\/\/salernomobilita.grupposistemisalerno.it\/wp-content\/uploads\/2025\/07\/nuova-cartina-A-PIEDI-concerto-2025_nonavette-1.pdf<\/p>\n<p>Si comunica che il parcheggio pubblico presso Piazza della Libert\u00e0 rester\u00e0 chiuso:<\/p>\n<ul>\n<li>dalle ore 16:00 del 15\/07\/2025 fino alle ore 00:30 del 16\/07\/2025, link: (<a href=\"http:\/\/urly.it\/31bjh7\">urly.it\/31bjh7<\/a>);<\/li>\n<li>dalle ore 16:00 del 17\/07\/2025 fino alle ore 00:30 del 18\/07\/2025, link: (<a href=\"http:\/\/urly.it\/31bjhj\">urly.it\/31bjhj<\/a>);<\/li>\n<li>dalle ore 16:00 del 24\/07\/2025 fino alle ore 00:30 del 25\/07\/2025, link: (<a href=\"http:\/\/urly.it\/31bjhn\">urly.it\/31bjhn<\/a>);<\/li>\n<li>dalle ore 16:00 del 26\/07\/2025 fino alle ore 00:30 del 27\/07\/2025, link: (<a href=\"http:\/\/urly.it\/31bjhq\">urly.it\/31bjhq<\/a>).<\/li>\n<\/ul>\n<p>E\u2019 possibile inoltre utilizzare l\u2019area di Parcheggio presso lo Stadio Arechi, da raggiungere attraverso i seguenti percorsi:<br \/>\n\u2022 da Cava de\u2019 Tirreni\/Vietri sul Mare \u2013 tramite A3 e A2\/E45 \u2013 Uscita \u201cPontecagnano\u201d;<br \/>\n\u2022 da Fratte \u2013 tramite Tangenziale di Salerno \u2013 Uscita \u201cMariconda\u201d o \u201cZona industriale\u201d;<br \/>\n\u2022 da Sud \u2013 tramite SP175 o A2\/E45 \u2013 Uscita \u201cPontecagnano\u201d.<\/p>\n<p>Dall\u2019area di parcheggio presso lo stadio Arechi sar\u00e0 possibile raggiungere Piazza della Libert\u00e0 mediante servizio sostitutivo metropolitana (vedi sopra).<\/p>\n<p>Si segnala, infine, che risulter\u00e0 vigente apposito dispositivo di traffico emanato con Ordinanza n. 637\/2025 del 14\/07\/2025, disponibile sull\u2019Albo Pretorio al seguente link:\u00a0<a href=\"http:\/\/urly.it\/31bjh2\">urly.it\/31bjh2<\/a>.<\/p>\n","protected":false},"excerpt":{"rendered":"<p>SalernoSounds 2025 Piazza della Libert\u00e0 \u2013 Salerno Come raggiungere Piazza della Libert\u00e0 in occasione dei concerti 15 luglio 2025 \u2013 Irama 17 luglio 2025 \u2013 Brunori Sas 24 luglio 2025 \u2013 Lazza 26 luglio 2025 \u2013 Massimo Ranieri &nbsp; Per chi \u00e8 gi\u00e0 in citt\u00e0: Sar\u00e0 possibile raggiungere Piazza della Libert\u00e0 con i servizi metropolitan i gestiti da Trenitalia, attualmente svolti a mezzo bus sostitutivi a causa di lavori di potenziamento infrastrutturale in corso sulla linea ferrata.<\/p>\n","protected":false},"author":6,"featured_media":3749,"comment_status":"closed","ping_status":"open","sticky":false,"template":"","format":"standard","meta":{"footnotes":""},"categories":[4],"tags":[],"_links":{"self":[{"href":"https:\/\/www.salernomobilita.it\/index.php\/wp-json\/wp\/v2\/posts\/3996"}],"collection":[{"href":"https:\/\/www.salernomobilita.it\/index.php\/wp-json\/wp\/v2\/posts"}],"about":[{"href":"https:\/\/www.salernomobilita.it\/index.php\/wp-json\/wp\/v2\/types\/post"}],"author":[{"embeddable":true,"href":"https:\/\/www.salernomobilita.it\/index.php\/wp-json\/wp\/v2\/users\/6"}],"replies":[{"embeddable":true,"href":"https:\/\/www.salernomobilita.it\/index.php\/wp-json\/wp\/v2\/comments?post=3996"}],"version-history":[{"count":1,"href":"https:\/\/www.salernomobilita.it\/index.php\/wp-json\/wp\/v2\/posts\/3996\/revisions"}],"predecessor-version":[{"id":3997,"href":"https:\/\/www.salernomobilita.it\/index.php\/wp-json\/wp\/v2\/posts\/3996\/revisions\/3997"}],"wp:featuredmedia":[{"embeddable":true,"href":"https:\/\/www.salernomobilita.it\/index.php\/wp-json\/wp\/v2\/media\/3749"}],"wp:attachment":[{"href":"https:\/\/www.salernomobilita.it\/index.php\/wp-json\/wp\/v2\/media?parent=3996"}],"wp:term":[{"taxonomy":"category","embeddable":true,"href":"https:\/\/www.salernomobilita.it\/index.php\/wp-json\/wp\/v2\/categories?post=3996"},{"taxonomy":"post_tag","embeddable":true,"href":"https:\/\/www.salernomobilita.it\/index.php\/wp-json\/wp\/v2\/tags?post=3996"}],"curies":[{"name":"wp","href":"https:\/\/api.w.org\/{rel}","templated":true}]}}