{"id":3993,"date":"2025-07-15T11:19:36","date_gmt":"2025-07-15T09:19:36","guid":{"rendered":"https:\/\/www.salernomobilita.it\/?p=3993"},"modified":"2025-07-15T11:19:36","modified_gmt":"2025-07-15T09:19:36","slug":"infomobilita-parcheggio-liberta-per-il-concerto-di-martedi-15-luglio","status":"publish","type":"post","link":"https:\/\/www.salernomobilita.it\/index.php\/2025\/07\/15\/infomobilita-parcheggio-liberta-per-il-concerto-di-martedi-15-luglio\/","title":{"rendered":"Infomobilit\u00e0 Parcheggio Libert\u00e0 per il concerto di marted\u00ec 15 luglio."},"content":{"rendered":"<p><img loading=\"lazy\" decoding=\"async\" class=\"aligncenter size-full wp-image-3994\" src=\"https:\/\/www.salernomobilita.it\/wp-content\/uploads\/2025\/07\/Concerto_15_07.jpg\" alt=\"\" width=\"571\" height=\"808\" srcset=\"https:\/\/www.salernomobilita.it\/wp-content\/uploads\/2025\/07\/Concerto_15_07.jpg 571w, https:\/\/www.salernomobilita.it\/wp-content\/uploads\/2025\/07\/Concerto_15_07-212x300.jpg 212w\" sizes=\"(max-width: 571px) 100vw, 571px\" \/><\/p>\n","protected":false},"excerpt":{"rendered":"","protected":false},"author":8,"featured_media":0,"comment_status":"closed","ping_status":"open","sticky":false,"template":"","format":"standard","meta":{"footnotes":""},"categories":[4],"tags":[],"_links":{"self":[{"href":"https:\/\/www.salernomobilita.it\/index.php\/wp-json\/wp\/v2\/posts\/3993"}],"collection":[{"href":"https:\/\/www.salernomobilita.it\/index.php\/wp-json\/wp\/v2\/posts"}],"about":[{"href":"https:\/\/www.salernomobilita.it\/index.php\/wp-json\/wp\/v2\/types\/post"}],"author":[{"embeddable":true,"href":"https:\/\/www.salernomobilita.it\/index.php\/wp-json\/wp\/v2\/users\/8"}],"replies":[{"embeddable":true,"href":"https:\/\/www.salernomobilita.it\/index.php\/wp-json\/wp\/v2\/comments?post=3993"}],"version-history":[{"count":1,"href":"https:\/\/www.salernomobilita.it\/index.php\/wp-json\/wp\/v2\/posts\/3993\/revisions"}],"predecessor-version":[{"id":3995,"href":"https:\/\/www.salernomobilita.it\/index.php\/wp-json\/wp\/v2\/posts\/3993\/revisions\/3995"}],"wp:attachment":[{"href":"https:\/\/www.salernomobilita.it\/index.php\/wp-json\/wp\/v2\/media?parent=3993"}],"wp:term":[{"taxonomy":"category","embeddable":true,"href":"https:\/\/www.salernomobilita.it\/index.php\/wp-json\/wp\/v2\/categories?post=3993"},{"taxonomy":"post_tag","embeddable":true,"href":"https:\/\/www.salernomobilita.it\/index.php\/wp-json\/wp\/v2\/tags?post=3993"}],"curies":[{"name":"wp","href":"https:\/\/api.w.org\/{rel}","templated":true}]}}