{"id":3978,"date":"2025-07-10T16:57:37","date_gmt":"2025-07-10T14:57:37","guid":{"rendered":"https:\/\/www.salernomobilita.it\/?p=3978"},"modified":"2025-07-10T16:57:37","modified_gmt":"2025-07-10T14:57:37","slug":"salernosounds-2025-infomobilita-per-concerto-capo-plaza-in-piazza-della-liberta-sabato-12-luglio","status":"publish","type":"post","link":"https:\/\/www.salernomobilita.it\/index.php\/2025\/07\/10\/salernosounds-2025-infomobilita-per-concerto-capo-plaza-in-piazza-della-liberta-sabato-12-luglio\/","title":{"rendered":"\u201cSALERNOSOUNDS 2025\u201d &#8211; Infomobilit\u00e0 per concerto Capo Plaza in piazza della Libert\u00e0 sabato 12 luglio"},"content":{"rendered":"<h2>Come raggiungere Piazza della Libert\u00e0 in occasione del concerto di Capoplaza<\/h2>\n<p><strong>Per chi \u00e8 gi\u00e0 in citt\u00e0:<\/strong><br \/>\nSar\u00e0 attivato un servizio navette con fascia oraria continuata dalle ore 17:00 del 12 luglio 2025 alle ore 02:00 del 13 luglio 2025, con una frequenza delle corse di circa 30 minuti in entrambe le direzioni.<\/p>\n<p>Le navette in partenza da Stadio Arechi Piazzale Bottiglieri (nei pressi della stazione della metropolitana) effettueranno le seguenti fermate:<br \/>\nLeucosia Torre Angellara &#8211; Mercatello (Mons. Grasso) &#8211; Caduti di Brescia \u2013 Posidonia Santelmo &#8211; Torrione Forte la Carnale \u2013 Corso Garibaldi alt. Stazione FF.SS. &#8211; Garibaldi Poste Centrali &#8211; Lungomare Trieste Municipio.<\/p>\n<p>Percorso completo al link: <span style=\"text-decoration: underline;\"><a href=\"https:\/\/maps.app.goo.gl\/bNMJK4Xx276uTm8T7\">https:\/\/maps.app.goo.gl\/bNMJK4Xx276uTm8T7<\/a><\/span><\/p>\n<p>Le navette in partenza da Lungomare Trieste Municipio &#8211; effettueranno le seguenti fermate:<br \/>\nLungomare Trieste Velia &#8211; Piazza della Concordia \u2013 Lungomare Tafuri (Ostello Giovent\u00f9) \u2013 Lungomare Marconi &#8211; Lungomare Colombo Pastena 1 &#8211; Mercatello Leucosia \u2013 Leucosia Torre Angellara &#8211; Stadio Arechi.<\/p>\n<p>Percorso completo al link: <a href=\"https:\/\/maps.app.goo.gl\/ZZtv3nQW2eak6rCF9\">https:\/\/maps.app.goo.gl\/ZZtv3nQW2eak6rCF9<\/a><\/p>\n<p>Il servizio prevede il pagamento del titolo di viaggio da acquistare prima di salire a bordo presso le ordinarie rivendite e gli esercizi commerciali PuntiLis e DropPoint, in modalit\u00e0 digitale via SMS-Ticketing, App Quibus Campania, App Unico Campania. Non \u00e8 consentito salire a bordo sprovvisti di titolo di viaggio, i passeggeri privi di biglietto saranno sanzionati come da regolamento di viaggio, non \u00e8 possibile utilizzare l\u2019abbonamento studenti gratuito regionale.<\/p>\n<p>Sar\u00e0 possibile raggiungere Piazza della Libert\u00e0 anche con i <strong>servizi metropolitan i gestiti da Trenitalia<\/strong>, attualmente svolti a mezzo <strong>bus sostitutivi<\/strong> a causa di lavori di potenziamento infrastrutturale in corso sulla linea ferrata.<\/p>\n<p>I servizi sostitutivi circolano tutti i giorni con le seguenti modalit\u00e0:<br \/>\n\u2022 Prima corsa in partenza da Salerno direzione Arechi: ore 06:15<br \/>\n\u2022 Ultima corsa in partenza da Salerno direzione Arechi: ore 23:45<br \/>\n\u2022 Prima corsa in partenza da Arechi direzione Salerno: ore 06:15<br \/>\n\u2022 Ultima corsa in partenza da Arechi direzione Salerno: ore 00:05<\/p>\n<p>I bus effettuano servizio viaggiatori nei seguenti punti di fermata:<\/p>\n<p>\u2022 <strong>Direzione Salerno:<\/strong> a SALERNO STADIO ARECHI-S.LEONARDO: fermata Busitalia Metro Arechi \u2013 Osp. S.Leonardo (cod.SA096SU); a SALERNO ARBOSTELLA:<br \/>\nfermata Busitalia P.co Arbostella Bv Mariconda (cod.SA062ME); a SALERNO MERCATELLO-MARICONDA: fermata Busitalia Mercatello Mons. Grasso (cod.SA066ME); a SALERNO PASTENA: fermata Busitalia Della Libert\u00e0 (cod.SA074PA); a SALERNO TORRIONE: fermata Busitalia Posidonia Santelmo (cod.SA084TO); SALERNO: fermata Busitalia Stazione Salerno (cod.SA001FE).<\/p>\n<p>\u2022 <strong>Direzione Arechi:<\/strong> SALERNO: fermata Busitalia Stazione Salerno (cod.SA001FE); a SALERNO TORRIONE: fermata Busitalia Lungomare Marconi 2 (cod.SA043PA); a<br \/>\nSALERNO PASTENA: fermata Busitalia Lungomare Colombo Pastena 2 (cod.SA053PA); a SALERNO MERCATELLO-MARICONDA: fermata Busitalia Mercatello Mons. Grasso (cod.SA057ME); a SALERNO ARBOSTELLA: fermata Busitalia P.co Arbostella Bv Mariconda (cod.SA061ME); a SALERNO STADIO ARECHI-S.LEONARDO: fermata Busitalia Ospedale S.Leonardo (cod.SA069ZI).<\/p>\n<p>I canali di vendita sono aggiornati rispetto ai suddetti orari. I tempi di percorrenza potrebbero aumentare in relazione al traffico stradale. I viaggiatori sono ammessi limitatamente alla disponibilit\u00e0 dei posti.<\/p>\n<p><strong>Tabelle orari:<\/strong><br \/>\n<a href=\"https:\/\/www.rfi.it\/content\/dam\/rfi\/news-e-media\/infomobilit%C3%A0\/poq-napoli\/bus%20AEM%20Arechi_sal.pdf\">https:\/\/www.rfi.it\/content\/dam\/rfi\/news-e-media\/infomobilit%C3%A0\/poq-napoli\/bus%20AEM%20Arechi_sal.pdf<\/a><\/p>\n<p><strong>Per chi raggiunge Salerno in treno:<\/strong><br \/>\nPiazza della Libert\u00e0 \u00e8 raggiungibile a piedi dalla stazione centrale \u201cSalerno\u201d in 24 min \u2013 1,7 km.<\/p>\n<p><strong>Per chi raggiunge Salerno in auto:<\/strong><br \/>\nSi consiglia di utilizzare l\u2019area di Parcheggio presso lo Stadio Arechi, da raggiungere attraverso i seguenti percorsi:<br \/>\n\u2022 da Cava de\u2019 Tirreni\/Vietri sul Mare \u2013 tramite A3 e A2\/E45 &#8211; Uscita \u201cPontecagnano\u201d;<br \/>\n\u2022 da Fratte \u2013 tramite Tangenziale di Salerno \u2013 Uscita \u201cMariconda\u201d o \u201cZona industriale\u201d;<br \/>\n\u2022 da Sud \u2013 tramite SP175 o A2\/E45 &#8211; Uscita \u201cPontecagnano\u201d.<\/p>\n<p>Dall\u2019area di parcheggio presso lo stadio Arechi sar\u00e0 possibile raggiungere Piazza della Libert\u00e0 mediante servizio navette o servizio sostitutivo metropolitana (vedi sopra).<br \/>\n<span style=\"text-decoration: underline;\">Si ricorda che il parcheggio pubblico presso Piazza della Libert\u00e0 rester\u00e0 chiuso dalle ore 16:00 del 12\/07\/2025 fino alle ore 00:30 del 13\/07\/2025.<\/span><\/p>\n<p><strong>Avviso Salerno Mobilit\u00e0:<\/strong><br \/>\n<a href=\"https:\/\/www.salernomobilita.it\/wp-content\/uploads\/2025\/07\/12_07_MANIFESTO-70-X-100_perlastampa.pdf\">https:\/\/www.salernomobilita.it\/wp-content\/uploads\/2025\/07\/12_07_MANIFESTO-70-X-100_perlastampa.pdf<\/a><\/p>\n<p><strong>Per altre aree di parcheggio:<\/strong><br \/>\n<a href=\"https:\/\/www.salernomobilita.it\/wp-content\/uploads\/2025\/07\/nuova-cartina-A-PIEDIconcerto-2025-2.pdf\">https:\/\/www.salernomobilita.it\/wp-content\/uploads\/2025\/07\/nuova-cartina-A-PIEDIconcerto-2025-2.pdf<\/a><\/p>\n<p>Si segnala, infine, che risulter\u00e0 vigente apposito dispositivo di traffico emanato con <strong>Ordinanza n.589\/2025 del 30\/06\/2025<\/strong>, disponibile sull\u2019Albo Pretorio al seguente link: urly.it\/31bh0b<\/p>\n<p>&nbsp;<\/p>\n","protected":false},"excerpt":{"rendered":"<p>Come raggiungere Piazza della Libert\u00e0 in occasione del concerto di Capoplaza Per chi \u00e8 gi\u00e0 in citt\u00e0: Sar\u00e0 attivato un servizio navette con fascia oraria continuata dalle ore 17:00 del 12 luglio 2025 alle ore 02:00 del 13 luglio 2025, con una frequenza delle corse di circa 30 minuti in entrambe le direzioni.<\/p>\n","protected":false},"author":6,"featured_media":3749,"comment_status":"closed","ping_status":"open","sticky":false,"template":"","format":"standard","meta":{"footnotes":""},"categories":[4],"tags":[],"_links":{"self":[{"href":"https:\/\/www.salernomobilita.it\/index.php\/wp-json\/wp\/v2\/posts\/3978"}],"collection":[{"href":"https:\/\/www.salernomobilita.it\/index.php\/wp-json\/wp\/v2\/posts"}],"about":[{"href":"https:\/\/www.salernomobilita.it\/index.php\/wp-json\/wp\/v2\/types\/post"}],"author":[{"embeddable":true,"href":"https:\/\/www.salernomobilita.it\/index.php\/wp-json\/wp\/v2\/users\/6"}],"replies":[{"embeddable":true,"href":"https:\/\/www.salernomobilita.it\/index.php\/wp-json\/wp\/v2\/comments?post=3978"}],"version-history":[{"count":4,"href":"https:\/\/www.salernomobilita.it\/index.php\/wp-json\/wp\/v2\/posts\/3978\/revisions"}],"predecessor-version":[{"id":3988,"href":"https:\/\/www.salernomobilita.it\/index.php\/wp-json\/wp\/v2\/posts\/3978\/revisions\/3988"}],"wp:featuredmedia":[{"embeddable":true,"href":"https:\/\/www.salernomobilita.it\/index.php\/wp-json\/wp\/v2\/media\/3749"}],"wp:attachment":[{"href":"https:\/\/www.salernomobilita.it\/index.php\/wp-json\/wp\/v2\/media?parent=3978"}],"wp:term":[{"taxonomy":"category","embeddable":true,"href":"https:\/\/www.salernomobilita.it\/index.php\/wp-json\/wp\/v2\/categories?post=3978"},{"taxonomy":"post_tag","embeddable":true,"href":"https:\/\/www.salernomobilita.it\/index.php\/wp-json\/wp\/v2\/tags?post=3978"}],"curies":[{"name":"wp","href":"https:\/\/api.w.org\/{rel}","templated":true}]}}