{"id":2832,"date":"2019-04-05T17:51:12","date_gmt":"2019-04-05T15:51:12","guid":{"rendered":"https:\/\/www.salernomobilita.it\/?p=2832"},"modified":"2019-04-05T17:53:20","modified_gmt":"2019-04-05T15:53:20","slug":"progetto-metrocubo","status":"publish","type":"post","link":"https:\/\/www.salernomobilita.it\/index.php\/2019\/04\/05\/progetto-metrocubo\/","title":{"rendered":"Progetto Metrocubo"},"content":{"rendered":"<p>Salerno Mobilit\u00e0, insieme alla Fondazione Culturale Alfonso Gatto, promuovono il progetto <strong><em>MetroCubo \u2013 Racconti sulla nuova vita degli spazi urbani<\/em><\/strong>, che vede il neonato <strong>Park Vinciprova<\/strong> <a href=\"https:\/\/www.google.it\/maps\/place\/Via+Vinciprova+Leonino,+44,+84127+Salerno+SA\/@40.6742752,14.776296,119m\/data=!3m1!1e3!4m5!3m4!1s0x133bc2479f0fa41b:0x6d8fd27c1b586183!8m2!3d40.6740454!4d14.776806\">(vai al parcheggio)<\/a> vestire opere di arte urbana. In un tripudio di figure e firme, le identit\u00e0 e le storie di Salerno prendono vita in nuove vedute e stili.<\/p>\n<p><img loading=\"lazy\" decoding=\"async\" class=\"alignnone wp-image-2833 size-full\" src=\"https:\/\/www.salernomobilita.it\/wp-content\/uploads\/2019\/04\/20190215_111613.jpg\" alt=\"20190215_111613\" width=\"2000\" height=\"1212\" srcset=\"https:\/\/www.salernomobilita.it\/wp-content\/uploads\/2019\/04\/20190215_111613.jpg 2000w, https:\/\/www.salernomobilita.it\/wp-content\/uploads\/2019\/04\/20190215_111613-300x182.jpg 300w, https:\/\/www.salernomobilita.it\/wp-content\/uploads\/2019\/04\/20190215_111613-768x465.jpg 768w, https:\/\/www.salernomobilita.it\/wp-content\/uploads\/2019\/04\/20190215_111613-1024x621.jpg 1024w\" sizes=\"(max-width: 2000px) 100vw, 2000px\" \/><\/p>\n<p>Il linguaggio dell&#8217;arte pubblica e il suo continuo tentativo di trasformare e rigenerare il paesaggio cittadino consentono di armonizzare con la contemporaneit\u00e0, come con la nostra tradizione.<\/p>\n<p>In quest&#8217;ottica, tra sguardo al futuro e ricerca delle radici, sono state realizzate delle opere \u201cicona\u201d, affinch\u00e9 rappresentino la trama sottile di una comunit\u00e0 che ricorda e vive la sua storia, la sua memoria, le sue contraddizioni e i suoi conflitti.<\/p>\n<p>L\u2019intento di <strong>Salerno Mobilit\u00e0<\/strong> e della <strong>Fondazione Culturale Alfonso Gatto<\/strong> \u00e8 di dimostrare come la <strong>riqualificazione degli spazi urbani<\/strong> risieda nell\u2019innovativo e pi\u00f9 concreto rapporto tra l\u2019arte e gli artisti, nella revisione e arricchimento del concetto di monumentalit\u00e0 e di decoro urbano per gli edifici pubblici, privati, le aree industriali e commerciali.<\/p>\n<p>Il <strong>Park Vinciprova<\/strong> \u00e8 stato tela di tre artisti e di un collettivo rinomati nel panorama regionale e nazionale: <strong>Jorit Agoch<\/strong>, <strong>ALL ANEMA<\/strong>, <strong>Andrea Casciu<\/strong> e<strong> Pino Roscigno (GreenPino)<\/strong>.<\/p>\n<hr \/>\n<p><strong>Jorit \u2013 <em>Trotula De Ruggiero<\/em>\u00a0<\/strong><\/p>\n<\/div><\/div>\n                <div class=\"row mb32\">\n                    <div class=\"col-md-12 paragrafo\">\n                        <div class=\"galleriasfondo\"><\/div>\n                    <\/div>\n                    <div class=\"offset-md-1 col-md-11 paragrafo\">\n                        <div class=\"galleriaslide\">\n                            <h4 class=\"mb-3\">Galleria fotografica <small>(scorri)<\/small><\/h4>\n                            <div id=\"owl-galleria\"\n                                 class=\"owl-carousel owl-center owl-theme owl-loaded owl-drag\"\n                                 role=\"tablist\"><figure><div class=\"galleria-foto\"><a href=\"https:\/\/www.salernomobilita.it\/wp-content\/uploads\/2019\/04\/20190218_145259.jpg\" title=\"\" class=\"magnific-popup-gallery\"><img decoding=\"async\" src=\"https:\/\/www.salernomobilita.it\/wp-content\/uploads\/2019\/04\/20190218_145259.jpg\" class=\"img-fluid in-gallery\" alt=\"\"\/><\/a><p>5 April 2019<\/p><\/div><\/figure><figure><div class=\"galleria-foto\"><a href=\"https:\/\/www.salernomobilita.it\/wp-content\/uploads\/2019\/04\/20190218_145239.jpg\" title=\"\" class=\"magnific-popup-gallery\"><img decoding=\"async\" src=\"https:\/\/www.salernomobilita.it\/wp-content\/uploads\/2019\/04\/20190218_145239.jpg\" class=\"img-fluid in-gallery\" alt=\"\"\/><\/a><p>5 April 2019<\/p><\/div><\/figure><figure><div class=\"galleria-foto\"><a href=\"https:\/\/www.salernomobilita.it\/wp-content\/uploads\/2019\/04\/DSC_0030-2.jpg\" title=\"\" class=\"magnific-popup-gallery\"><img decoding=\"async\" src=\"https:\/\/www.salernomobilita.it\/wp-content\/uploads\/2019\/04\/DSC_0030-2.jpg\" class=\"img-fluid in-gallery\" alt=\"\"\/><\/a><p>5 April 2019<\/p><\/div><\/figure><figure><div class=\"galleria-foto\"><a href=\"https:\/\/www.salernomobilita.it\/wp-content\/uploads\/2019\/04\/DSC_0035-2.jpg\" title=\"\" class=\"magnific-popup-gallery\"><img decoding=\"async\" src=\"https:\/\/www.salernomobilita.it\/wp-content\/uploads\/2019\/04\/DSC_0035-2.jpg\" class=\"img-fluid in-gallery\" alt=\"\"\/><\/a><p>5 April 2019<\/p><\/div><\/figure><figure><div class=\"galleria-foto\"><a href=\"https:\/\/www.salernomobilita.it\/wp-content\/uploads\/2019\/04\/20190215_111444.jpg\" title=\"\" class=\"magnific-popup-gallery\"><img decoding=\"async\" src=\"https:\/\/www.salernomobilita.it\/wp-content\/uploads\/2019\/04\/20190215_111444.jpg\" class=\"img-fluid in-gallery\" alt=\"\"\/><\/a><p>5 April 2019<\/p><\/div><\/figure>            <\/div>\n                        <\/div>\n                    <\/div>\n                <\/div>\n                <div class=\"row\">\n                    <div class=\"col-12 testolungo\">\n<p><strong>Jorit<\/strong> \u00e8 un graffiti-artist originario di Napoli, noto alle stampe e alle critiche d\u2019arte internazionali per il suo profondo realismo e la dimostrata padronanza tecnica del mezzo pittorico, in cui sublima forti messaggi di natura sociale. Dal 2005, i primi lavori di Jorit vengono affiancati da una costante militanza politica che lo porta ad entrare in contatto con i movimenti no-global e di rivendicazione dei diritti dell\u2019uomo, tipiche espressioni del graffiti-writing. Dal 2008 comincia ad affermare l\u2019esclusiva raffigurazione del volto umano, che inizia a marchiare con delle strisce rosse sulle guance. Questa particolarit\u00e0 rimanda a rituali magico-curativi africani; alla procedura della \u201cscarnificazione\u201d, rito iniziatico del passaggio dall\u2019infanzia all\u2019et\u00e0 adulta legato al momento simbolico dell\u2019entrata dell\u2019individuo nella trib\u00f9. Raffigura persone autoctone, viventi e non, leggendarie, iconiche, sui muri delle citt\u00e0 che visita per il mondo, marchiandole e facendole entrare nella \u201cHuman Tribe\u201d. La sua originalit\u00e0 viene apprezzata nelle mostre al MACRO di Roma, al Museo MAGMA e al PAN di Napoli, arrivando ad esporre in galleria internazionali a Londra, Berlino, Sidney.<\/p>\n<p>Al centro del Park Vinciprova, Jorit ha realizzato il volto ideale di <strong>Trotula De Ruggiero<\/strong>, prima donna medico d&#8217;Europa e grande scienziata dell&#8217;Antichit\u00e0.<\/p>\n<p>Il volto fiero e lo sguardo carico di compassione fanno di questa opera un emozionante omaggio a tutte le donne che ogni giorno, con la stessa fierezza e determinazione, affrontano il mondo del lavoro, la famiglia e il sessismo radicato di una societ\u00e0 non ancora pronta alla piena accettazione della complementariet\u00e0.<\/p>\n<p>La posizione ed il punto di vista centrale, rispetto alle opere che lo contornano, fanno di questo cubo una vera e propria installazione di arte contemporanea.<\/p>\n<hr \/>\n<p><strong>ALL ANEMA \u2013 <em>SalernuM<\/em>\u00a0<\/strong><strong>\u00a0<\/strong><\/p>\n<\/div><\/div>\n                <div class=\"row mb32\">\n                    <div class=\"col-md-12 paragrafo\">\n                        <div class=\"galleriasfondo\"><\/div>\n                    <\/div>\n                    <div class=\"offset-md-1 col-md-11 paragrafo\">\n                        <div class=\"galleriaslide\">\n                            <h4 class=\"mb-3\">Galleria fotografica <small>(scorri)<\/small><\/h4>\n                            <div id=\"owl-galleria\"\n                                 class=\"owl-carousel owl-center owl-theme owl-loaded owl-drag\"\n                                 role=\"tablist\"><figure><div class=\"galleria-foto\"><a href=\"https:\/\/www.salernomobilita.it\/wp-content\/uploads\/2019\/04\/20190323_113925.jpg\" title=\"\" class=\"magnific-popup-gallery\"><img decoding=\"async\" src=\"https:\/\/www.salernomobilita.it\/wp-content\/uploads\/2019\/04\/20190323_113925.jpg\" class=\"img-fluid in-gallery\" alt=\"\"\/><\/a><p>5 April 2019<\/p><\/div><\/figure><figure><div class=\"galleria-foto\"><a href=\"https:\/\/www.salernomobilita.it\/wp-content\/uploads\/2019\/04\/20190323_114034.jpg\" title=\"\" class=\"magnific-popup-gallery\"><img decoding=\"async\" src=\"https:\/\/www.salernomobilita.it\/wp-content\/uploads\/2019\/04\/20190323_114034.jpg\" class=\"img-fluid in-gallery\" alt=\"\"\/><\/a><p>5 April 2019<\/p><\/div><\/figure><figure><div class=\"galleria-foto\"><a href=\"https:\/\/www.salernomobilita.it\/wp-content\/uploads\/2019\/04\/20190323_114104.jpg\" title=\"\" class=\"magnific-popup-gallery\"><img decoding=\"async\" src=\"https:\/\/www.salernomobilita.it\/wp-content\/uploads\/2019\/04\/20190323_114104.jpg\" class=\"img-fluid in-gallery\" alt=\"\"\/><\/a><p>5 April 2019<\/p><\/div><\/figure><figure><div class=\"galleria-foto\"><a href=\"https:\/\/www.salernomobilita.it\/wp-content\/uploads\/2019\/04\/20190328_085016.jpg\" title=\"\" class=\"magnific-popup-gallery\"><img decoding=\"async\" src=\"https:\/\/www.salernomobilita.it\/wp-content\/uploads\/2019\/04\/20190328_085016.jpg\" class=\"img-fluid in-gallery\" alt=\"\"\/><\/a><p>5 April 2019<\/p><\/div><\/figure><figure><div class=\"galleria-foto\"><a href=\"https:\/\/www.salernomobilita.it\/wp-content\/uploads\/2019\/04\/20190328_085146.jpg\" title=\"\" class=\"magnific-popup-gallery\"><img decoding=\"async\" src=\"https:\/\/www.salernomobilita.it\/wp-content\/uploads\/2019\/04\/20190328_085146.jpg\" class=\"img-fluid in-gallery\" alt=\"\"\/><\/a><p>5 April 2019<\/p><\/div><\/figure><figure><div class=\"galleria-foto\"><a href=\"https:\/\/www.salernomobilita.it\/wp-content\/uploads\/2019\/04\/20190328_085202.jpg\" title=\"\" class=\"magnific-popup-gallery\"><img decoding=\"async\" src=\"https:\/\/www.salernomobilita.it\/wp-content\/uploads\/2019\/04\/20190328_085202.jpg\" class=\"img-fluid in-gallery\" alt=\"\"\/><\/a><p>5 April 2019<\/p><\/div><\/figure><figure><div class=\"galleria-foto\"><a href=\"https:\/\/www.salernomobilita.it\/wp-content\/uploads\/2019\/04\/DSC_0450.jpg\" title=\"\" class=\"magnific-popup-gallery\"><img decoding=\"async\" src=\"https:\/\/www.salernomobilita.it\/wp-content\/uploads\/2019\/04\/DSC_0450.jpg\" class=\"img-fluid in-gallery\" alt=\"\"\/><\/a><p>5 April 2019<\/p><\/div><\/figure><figure><div class=\"galleria-foto\"><a href=\"https:\/\/www.salernomobilita.it\/wp-content\/uploads\/2019\/04\/DSC_0454.jpg\" title=\"\" class=\"magnific-popup-gallery\"><img decoding=\"async\" src=\"https:\/\/www.salernomobilita.it\/wp-content\/uploads\/2019\/04\/DSC_0454.jpg\" class=\"img-fluid in-gallery\" alt=\"\"\/><\/a><p>5 April 2019<\/p><\/div><\/figure><figure><div class=\"galleria-foto\"><a href=\"https:\/\/www.salernomobilita.it\/wp-content\/uploads\/2019\/04\/DSC_0463.jpg\" title=\"\" class=\"magnific-popup-gallery\"><img decoding=\"async\" src=\"https:\/\/www.salernomobilita.it\/wp-content\/uploads\/2019\/04\/DSC_0463.jpg\" class=\"img-fluid in-gallery\" alt=\"\"\/><\/a><p>5 April 2019<\/p><\/div><\/figure><figure><div class=\"galleria-foto\"><a href=\"https:\/\/www.salernomobilita.it\/wp-content\/uploads\/2019\/04\/DSC_0468.jpg\" title=\"\" class=\"magnific-popup-gallery\"><img decoding=\"async\" src=\"https:\/\/www.salernomobilita.it\/wp-content\/uploads\/2019\/04\/DSC_0468.jpg\" class=\"img-fluid in-gallery\" alt=\"\"\/><\/a><p>5 April 2019<\/p><\/div><\/figure><figure><div class=\"galleria-foto\"><a href=\"https:\/\/www.salernomobilita.it\/wp-content\/uploads\/2019\/04\/DSC_0469.jpg\" title=\"\" class=\"magnific-popup-gallery\"><img decoding=\"async\" src=\"https:\/\/www.salernomobilita.it\/wp-content\/uploads\/2019\/04\/DSC_0469.jpg\" class=\"img-fluid in-gallery\" alt=\"\"\/><\/a><p>5 April 2019<\/p><\/div><\/figure><figure><div class=\"galleria-foto\"><a href=\"https:\/\/www.salernomobilita.it\/wp-content\/uploads\/2019\/04\/DSC_0477.jpg\" title=\"\" class=\"magnific-popup-gallery\"><img decoding=\"async\" src=\"https:\/\/www.salernomobilita.it\/wp-content\/uploads\/2019\/04\/DSC_0477.jpg\" class=\"img-fluid in-gallery\" alt=\"\"\/><\/a><p>5 April 2019<\/p><\/div><\/figure><figure><div class=\"galleria-foto\"><a href=\"https:\/\/www.salernomobilita.it\/wp-content\/uploads\/2019\/04\/DSC_0479.jpg\" title=\"\" class=\"magnific-popup-gallery\"><img decoding=\"async\" src=\"https:\/\/www.salernomobilita.it\/wp-content\/uploads\/2019\/04\/DSC_0479.jpg\" class=\"img-fluid in-gallery\" alt=\"\"\/><\/a><p>5 April 2019<\/p><\/div><\/figure><figure><div class=\"galleria-foto\"><a href=\"https:\/\/www.salernomobilita.it\/wp-content\/uploads\/2019\/04\/DSC_0487.jpg\" title=\"\" class=\"magnific-popup-gallery\"><img decoding=\"async\" src=\"https:\/\/www.salernomobilita.it\/wp-content\/uploads\/2019\/04\/DSC_0487.jpg\" class=\"img-fluid in-gallery\" alt=\"\"\/><\/a><p>5 April 2019<\/p><\/div><\/figure><figure><div class=\"galleria-foto\"><a href=\"https:\/\/www.salernomobilita.it\/wp-content\/uploads\/2019\/04\/DSC_0500.jpg\" title=\"\" class=\"magnific-popup-gallery\"><img decoding=\"async\" src=\"https:\/\/www.salernomobilita.it\/wp-content\/uploads\/2019\/04\/DSC_0500.jpg\" class=\"img-fluid in-gallery\" alt=\"\"\/><\/a><p>5 April 2019<\/p><\/div><\/figure><figure><div class=\"galleria-foto\"><a href=\"https:\/\/www.salernomobilita.it\/wp-content\/uploads\/2019\/04\/DSC_0510.jpg\" title=\"\" class=\"magnific-popup-gallery\"><img decoding=\"async\" src=\"https:\/\/www.salernomobilita.it\/wp-content\/uploads\/2019\/04\/DSC_0510.jpg\" class=\"img-fluid in-gallery\" alt=\"\"\/><\/a><p>5 April 2019<\/p><\/div><\/figure><figure><div class=\"galleria-foto\"><a href=\"https:\/\/www.salernomobilita.it\/wp-content\/uploads\/2019\/04\/DSC_0523.jpg\" title=\"\" class=\"magnific-popup-gallery\"><img decoding=\"async\" src=\"https:\/\/www.salernomobilita.it\/wp-content\/uploads\/2019\/04\/DSC_0523.jpg\" class=\"img-fluid in-gallery\" alt=\"\"\/><\/a><p>5 April 2019<\/p><\/div><\/figure><figure><div class=\"galleria-foto\"><a href=\"https:\/\/www.salernomobilita.it\/wp-content\/uploads\/2019\/04\/20190323_113619.jpg\" title=\"\" class=\"magnific-popup-gallery\"><img decoding=\"async\" src=\"https:\/\/www.salernomobilita.it\/wp-content\/uploads\/2019\/04\/20190323_113619.jpg\" class=\"img-fluid in-gallery\" alt=\"\"\/><\/a><p>5 April 2019<\/p><\/div><\/figure><figure><div class=\"galleria-foto\"><a href=\"https:\/\/www.salernomobilita.it\/wp-content\/uploads\/2019\/04\/20190323_113814.jpg\" title=\"\" class=\"magnific-popup-gallery\"><img decoding=\"async\" src=\"https:\/\/www.salernomobilita.it\/wp-content\/uploads\/2019\/04\/20190323_113814.jpg\" class=\"img-fluid in-gallery\" alt=\"\"\/><\/a><p>5 April 2019<\/p><\/div><\/figure><figure><div class=\"galleria-foto\"><a href=\"https:\/\/www.salernomobilita.it\/wp-content\/uploads\/2019\/04\/20190323_113857.jpg\" title=\"\" class=\"magnific-popup-gallery\"><img decoding=\"async\" src=\"https:\/\/www.salernomobilita.it\/wp-content\/uploads\/2019\/04\/20190323_113857.jpg\" class=\"img-fluid in-gallery\" alt=\"\"\/><\/a><p>5 April 2019<\/p><\/div><\/figure>            <\/div>\n                        <\/div>\n                    <\/div>\n                <\/div>\n                <div class=\"row\">\n                    <div class=\"col-12 testolungo\">\n<p><strong>ALL ANEMA Crew<\/strong> \u00e8 un collettivo formato da artisti campani che attraverso la \u201cstreet art\u201d uniscono comunicazione e pittura figurativa. Si propone di fondere tradizione e contemporaneit\u00e0 con un linguaggio visivo popolare, facendo leva sull\u2019immaginario comune per promuovere temi di natura sociale basandosi su soluzioni grafiche classiche e contemporanee.<\/p>\n<p><em>SalernuM<\/em>, opera realizzata dal collettivo ALL ANEMA, raffigura un sole irradiante che invoglia lo sguardo a perdersi lungo le tonalit\u00e0 del rosso, del giallo e del blu: i colori dello stemma cittadino.<\/p>\n<p>Questo lungo murales di <strong>140 metri<\/strong> diviso in 5 scenari propone una sequenza di immagini e di luoghi simbolo dell&#8217;identit\u00e0 della citt\u00e0 di Salerno. Dagli Archi del Diavolo, l&#8217;antico acquedotto medioevale, alla Statua della Libert\u00e0, fino al porticato del Duomo di Salerno e il mare. Gli uomini, i volti, i giochi, lo spazio, la natura si fondono in un&#8217;unica opera monolitica.<\/p>\n<hr \/>\n<p><strong>Andrea Casciu \u2013 <em>La pesca miracolosa<\/em><\/strong><\/p>\n<\/div><\/div>\n                <div class=\"row mb32\">\n                    <div class=\"col-md-12 paragrafo\">\n                        <div class=\"galleriasfondo\"><\/div>\n                    <\/div>\n                    <div class=\"offset-md-1 col-md-11 paragrafo\">\n                        <div class=\"galleriaslide\">\n                            <h4 class=\"mb-3\">Galleria fotografica <small>(scorri)<\/small><\/h4>\n                            <div id=\"owl-galleria\"\n                                 class=\"owl-carousel owl-center owl-theme owl-loaded owl-drag\"\n                                 role=\"tablist\"><figure><div class=\"galleria-foto\"><a href=\"https:\/\/www.salernomobilita.it\/wp-content\/uploads\/2019\/04\/DSC_0009.jpg\" title=\"\" class=\"magnific-popup-gallery\"><img decoding=\"async\" src=\"https:\/\/www.salernomobilita.it\/wp-content\/uploads\/2019\/04\/DSC_0009.jpg\" class=\"img-fluid in-gallery\" alt=\"\"\/><\/a><p>5 April 2019<\/p><\/div><\/figure><figure><div class=\"galleria-foto\"><a href=\"https:\/\/www.salernomobilita.it\/wp-content\/uploads\/2019\/04\/DSC_0015.jpg\" title=\"\" class=\"magnific-popup-gallery\"><img decoding=\"async\" src=\"https:\/\/www.salernomobilita.it\/wp-content\/uploads\/2019\/04\/DSC_0015.jpg\" class=\"img-fluid in-gallery\" alt=\"\"\/><\/a><p>5 April 2019<\/p><\/div><\/figure><figure><div class=\"galleria-foto\"><a href=\"https:\/\/www.salernomobilita.it\/wp-content\/uploads\/2019\/04\/DSC_0023.jpg\" title=\"\" class=\"magnific-popup-gallery\"><img decoding=\"async\" src=\"https:\/\/www.salernomobilita.it\/wp-content\/uploads\/2019\/04\/DSC_0023.jpg\" class=\"img-fluid in-gallery\" alt=\"\"\/><\/a><p>5 April 2019<\/p><\/div><\/figure><figure><div class=\"galleria-foto\"><a href=\"https:\/\/www.salernomobilita.it\/wp-content\/uploads\/2019\/04\/DSC_0028.jpg\" title=\"\" class=\"magnific-popup-gallery\"><img decoding=\"async\" src=\"https:\/\/www.salernomobilita.it\/wp-content\/uploads\/2019\/04\/DSC_0028.jpg\" class=\"img-fluid in-gallery\" alt=\"\"\/><\/a><p>5 April 2019<\/p><\/div><\/figure><figure><div class=\"galleria-foto\"><a href=\"https:\/\/www.salernomobilita.it\/wp-content\/uploads\/2019\/04\/DSC_0034.jpg\" title=\"\" class=\"magnific-popup-gallery\"><img decoding=\"async\" src=\"https:\/\/www.salernomobilita.it\/wp-content\/uploads\/2019\/04\/DSC_0034.jpg\" class=\"img-fluid in-gallery\" alt=\"\"\/><\/a><p>5 April 2019<\/p><\/div><\/figure><figure><div class=\"galleria-foto\"><a href=\"https:\/\/www.salernomobilita.it\/wp-content\/uploads\/2019\/04\/DSC_0038.jpg\" title=\"\" class=\"magnific-popup-gallery\"><img decoding=\"async\" src=\"https:\/\/www.salernomobilita.it\/wp-content\/uploads\/2019\/04\/DSC_0038.jpg\" class=\"img-fluid in-gallery\" alt=\"\"\/><\/a><p>5 April 2019<\/p><\/div><\/figure><figure><div class=\"galleria-foto\"><a href=\"https:\/\/www.salernomobilita.it\/wp-content\/uploads\/2019\/04\/DSC_0039.jpg\" title=\"\" class=\"magnific-popup-gallery\"><img decoding=\"async\" src=\"https:\/\/www.salernomobilita.it\/wp-content\/uploads\/2019\/04\/DSC_0039.jpg\" class=\"img-fluid in-gallery\" alt=\"\"\/><\/a><p>5 April 2019<\/p><\/div><\/figure><figure><div class=\"galleria-foto\"><a href=\"https:\/\/www.salernomobilita.it\/wp-content\/uploads\/2019\/04\/DSC_0009-2.jpg\" title=\"\" class=\"magnific-popup-gallery\"><img decoding=\"async\" src=\"https:\/\/www.salernomobilita.it\/wp-content\/uploads\/2019\/04\/DSC_0009-2.jpg\" class=\"img-fluid in-gallery\" alt=\"\"\/><\/a><p>5 April 2019<\/p><\/div><\/figure><figure><div class=\"galleria-foto\"><a href=\"https:\/\/www.salernomobilita.it\/wp-content\/uploads\/2019\/04\/20190218_145054.jpg\" title=\"\" class=\"magnific-popup-gallery\"><img decoding=\"async\" src=\"https:\/\/www.salernomobilita.it\/wp-content\/uploads\/2019\/04\/20190218_145054.jpg\" class=\"img-fluid in-gallery\" alt=\"\"\/><\/a><p>5 April 2019<\/p><\/div><\/figure><figure><div class=\"galleria-foto\"><a href=\"https:\/\/www.salernomobilita.it\/wp-content\/uploads\/2019\/04\/20190215_111414.jpg\" title=\"\" class=\"magnific-popup-gallery\"><img decoding=\"async\" src=\"https:\/\/www.salernomobilita.it\/wp-content\/uploads\/2019\/04\/20190215_111414.jpg\" class=\"img-fluid in-gallery\" alt=\"\"\/><\/a><p>5 April 2019<\/p><\/div><\/figure><figure><div class=\"galleria-foto\"><a href=\"https:\/\/www.salernomobilita.it\/wp-content\/uploads\/2019\/04\/20190218_145143.jpg\" title=\"\" class=\"magnific-popup-gallery\"><img decoding=\"async\" src=\"https:\/\/www.salernomobilita.it\/wp-content\/uploads\/2019\/04\/20190218_145143.jpg\" class=\"img-fluid in-gallery\" alt=\"\"\/><\/a><p>5 April 2019<\/p><\/div><\/figure><figure><div class=\"galleria-foto\"><a href=\"https:\/\/www.salernomobilita.it\/wp-content\/uploads\/2019\/04\/20190218_145150.jpg\" title=\"\" class=\"magnific-popup-gallery\"><img decoding=\"async\" src=\"https:\/\/www.salernomobilita.it\/wp-content\/uploads\/2019\/04\/20190218_145150.jpg\" class=\"img-fluid in-gallery\" alt=\"\"\/><\/a><p>5 April 2019<\/p><\/div><\/figure><figure><div class=\"galleria-foto\"><a href=\"https:\/\/www.salernomobilita.it\/wp-content\/uploads\/2019\/04\/20190218_145159.jpg\" title=\"\" class=\"magnific-popup-gallery\"><img decoding=\"async\" src=\"https:\/\/www.salernomobilita.it\/wp-content\/uploads\/2019\/04\/20190218_145159.jpg\" class=\"img-fluid in-gallery\" alt=\"\"\/><\/a><p>5 April 2019<\/p><\/div><\/figure>            <\/div>\n                        <\/div>\n                    <\/div>\n                <\/div>\n                <div class=\"row\">\n                    <div class=\"col-12 testolungo\">\n<p><strong>Andrea Casciu<\/strong>, bolognese acquisito, \u00e8 diplomato all\u2019Accademia di Belle Arti di Sassari. Attraverso lo studio delle modificazioni corporee, l\u2019artista approfondisce un\u2019analisi introspettiva mediata dal disegno, studiando il rapporto dell\u2019Uomo con la propria immagine e le sensazioni che derivano dal riconoscimento. Manovrando abilmente nello spazio di azione dell\u2019autoritratto trapela il desiderio di immedesimarsi, di entrare con rispetto nel nucleo pi\u00f9 intimo della gente. Allo stesso tempo, ogni persona pu\u00f2 percepirsi nei volti che dipinge, in un gioco di dissolvenze che sfida l\u2019anestesia del mondo in cui viviamo. Le variazioni del volto di Casciu, che appaiono nelle strade, ci spingono a considerare i suoi murales come fossero specchi, a confrontarci con il nostro stesso riflesso, ma anche con quello di un ego planetario, condiviso e allargato. Una sovversione della quotidianit\u00e0 affrontata in modo ironico, sulla sottile linea di confine che separa singolo e comunit\u00e0.<\/p>\n<p>L\u2019opera di Andrea Casciu <strong><em>La pesca miracolosa<\/em><\/strong> viene ispirata dall\u2019omonimo racconto poetico di Giuseppe Ungaretti, parte della raccolta \u201cViaggio nel Mezzogiorno\u201d, sul ritrovamento della testa bronzea di Apollo, oggi custodita nel Museo Provinciale di Salerno, rinvenuta nel Golfo nel 1930. Nel grande murales riecheggiano i toni di questo ritrovamento mitico, nella sua fissit\u00e0 e richiamo alle origini elleniche delle terre cilene, della nostra cultura ancestrale, quando \u201cla rete da pesca si impiglia nel ricciolo o cernecchio\u201d, come scrisse il Poeta, \u201cdella testa del Dio, consegnando alla storia della citt\u00e0 il giorno del 2 dicembre 1930\u201d.<\/p>\n<hr \/>\n<p><strong>Pino Roscigno (GreenPino) &#8211; <em>I quattro elementi<\/em><\/strong><\/p>\n<p><strong>\u00a0<\/strong>Pino Roscigno, in arte GreenPino, classe \u201965, intraprende studi di Grafica e Pubblicit\u00e0, fino all\u2019inserimento nell\u2019ambito della comunicazione aziendale, occupandosi di Marketing e Pubblicit\u00e0 per l\u2019International Communication Italia del gruppo BBDO. A questo periodo risalgono le partecipazioni a numerose mostre a Milano di Collages e Pop-Art, firme indelebili dell\u2019artista. Dagli inizi del 2000, GreenPino torna in terra nativa, a Salerno, dove prosegue l\u2019attivit\u00e0 di grafico pubblicitario, affiancando quella di decoratore d\u2019interni, urbani, dedicandosi anche all\u2019ideazione, produzione e commercializzazione di merchandising turistico.<\/p>\n<p><em>I quattro elementi<\/em> \u00e8 un chiaro segno della tradizione terapeutica medievale salernitana, che si basa essenzialmente sull\u2019antica teoria degli elementi, perseguita dai fisiologi naturalisti gi\u00e0 dal VI secolo a.C. Con i Pitagorei viene a perfezionarsi il concetto di \u201carmonia\u201d, che regge e governa la composizione della materia. Il risultato \u00e8 un antagonismo bilanciato, una complementariet\u00e0 essenziale che lega i quattro elementi ai quattro umori del corpo umano: aria, terra, fuoco, acqua \/ caldo, freddo, secco, umido \/ sangue, flegma, bile gialla, bile nera. Le combinazioni scaturenti, ed eventuali squilibri, incidono sul temperamento psicologico dell\u2019individuo: per star bene, per ricongiungersi alla propria natura, bisogna bilanciare, armonizzare gli elementi costituenti. GreenPino sceglie di concretizzare la nostra storia filosofica e scientifica in un\u2019opera che vede anche l\u2019utilizzo di specchi, forse a significare ancor di pi\u00f9 la Salerno che vede e vive oggigiorno la sua centralit\u00e0 culturale.<\/p>\n","protected":false},"excerpt":{"rendered":"<p>Salerno Mobilit\u00e0, insieme alla Fondazione Culturale Alfonso Gatto, promuovono il progetto MetroCubo \u2013 Racconti sulla nuova vita degli spazi urbani, che vede il neonato Park Vinciprova (vai al parcheggio) vestire opere di arte urbana.<\/p>\n","protected":false},"author":5,"featured_media":0,"comment_status":"closed","ping_status":"closed","sticky":false,"template":"","format":"standard","meta":{"footnotes":""},"categories":[1],"tags":[],"_links":{"self":[{"href":"https:\/\/www.salernomobilita.it\/index.php\/wp-json\/wp\/v2\/posts\/2832"}],"collection":[{"href":"https:\/\/www.salernomobilita.it\/index.php\/wp-json\/wp\/v2\/posts"}],"about":[{"href":"https:\/\/www.salernomobilita.it\/index.php\/wp-json\/wp\/v2\/types\/post"}],"author":[{"embeddable":true,"href":"https:\/\/www.salernomobilita.it\/index.php\/wp-json\/wp\/v2\/users\/5"}],"replies":[{"embeddable":true,"href":"https:\/\/www.salernomobilita.it\/index.php\/wp-json\/wp\/v2\/comments?post=2832"}],"version-history":[{"count":3,"href":"https:\/\/www.salernomobilita.it\/index.php\/wp-json\/wp\/v2\/posts\/2832\/revisions"}],"predecessor-version":[{"id":2874,"href":"https:\/\/www.salernomobilita.it\/index.php\/wp-json\/wp\/v2\/posts\/2832\/revisions\/2874"}],"wp:attachment":[{"href":"https:\/\/www.salernomobilita.it\/index.php\/wp-json\/wp\/v2\/media?parent=2832"}],"wp:term":[{"taxonomy":"category","embeddable":true,"href":"https:\/\/www.salernomobilita.it\/index.php\/wp-json\/wp\/v2\/categories?post=2832"},{"taxonomy":"post_tag","embeddable":true,"href":"https:\/\/www.salernomobilita.it\/index.php\/wp-json\/wp\/v2\/tags?post=2832"}],"curies":[{"name":"wp","href":"https:\/\/api.w.org\/{rel}","templated":true}]}}